{"id":3323,"date":"2026-04-10T09:56:14","date_gmt":"2026-04-10T09:56:14","guid":{"rendered":"https:\/\/www.tepekaya.av.tr\/?p=3323"},"modified":"2026-04-06T09:56:36","modified_gmt":"2026-04-06T09:56:36","slug":"velayet-davalari-ve-cocugun-ustun-yarari","status":"publish","type":"post","link":"https:\/\/www.tepekaya.av.tr\/?p=3323","title":{"rendered":"Velayet Davalar\u0131 ve \u00c7ocu\u011fun \u00dcst\u00fcn Yarar\u0131"},"content":{"rendered":"\n<p>Bo\u015fanma davalar\u0131nda en hassas konulardan biri \u00e7ocuklar\u0131n velayetidir. T\u00fcrk Medeni Kanunu\u2019na g\u00f6re velayet konusunda temel kriter \u00e7ocu\u011fun \u00fcst\u00fcn yarar\u0131d\u0131r. Mahkeme, velayet karar\u0131n\u0131 verirken anne ve baban\u0131n ekonomik durumu, ya\u015fam ko\u015fullar\u0131 ve \u00e7ocu\u011fun geli\u015fimi a\u00e7\u0131s\u0131ndan en uygun ortam\u0131 de\u011ferlendirmektedir. Bu s\u00fcre\u00e7te deneyimli bir <strong>Afyon en iyi avukat<\/strong> deste\u011fi almak hukuki haklar\u0131n korunmas\u0131 a\u00e7\u0131s\u0131ndan \u00f6nemlidir.<\/p>\n\n\n\n<p>Velayet davalar\u0131nda hakim, yaln\u0131zca ebeveynlerin taleplerini de\u011fil ayn\u0131 zamanda \u00e7ocu\u011fun psikolojik ve sosyal geli\u015fimini de dikkate al\u0131r. Gerekli g\u00f6r\u00fcld\u00fc\u011f\u00fcnde sosyal inceleme raporu haz\u0131rlanmas\u0131 i\u00e7in uzman pedagog veya sosyal hizmet uzman\u0131 g\u00f6revlendirilebilir.<\/p>\n\n\n\n<p>Mahkeme taraf\u0131ndan haz\u0131rlanan sosyal inceleme raporu, \u00e7ocu\u011fun hangi ebeveynle ya\u015famas\u0131n\u0131n daha uygun olaca\u011f\u0131n\u0131 de\u011ferlendiren \u00f6nemli bir belgedir. Bu rapor haz\u0131rlan\u0131rken ebeveynlerin ya\u015fam ko\u015fullar\u0131, \u00e7ocu\u011fa ay\u0131rd\u0131\u011f\u0131 zaman ve bak\u0131m imkanlar\u0131 incelenir.<\/p>\n\n\n\n<p>Velayet davalar\u0131nda \u00e7ocuk belirli bir ya\u015f\u0131n \u00fczerindeyse g\u00f6r\u00fc\u015f\u00fc de dikkate al\u0131nabilir. Ancak nihai karar yine \u00e7ocu\u011fun menfaatine g\u00f6re hakim taraf\u0131ndan verilir.<\/p>\n\n\n\n<p>Velayet kendisine verilmeyen ebeveyn ile \u00e7ocuk aras\u0131nda ki\u015fisel ili\u015fki kurulmas\u0131 da mahkeme karar\u0131yla belirlenir. Bu g\u00f6r\u00fc\u015fmeler hafta sonu, tatil d\u00f6nemleri veya \u00f6zel g\u00fcnlerde ger\u00e7ekle\u015febilir.<\/p>\n\n\n\n<p>Velayet karar\u0131 kesin de\u011fildir. \u015eartlar\u0131n de\u011fi\u015fmesi halinde velayetin de\u011fi\u015ftirilmesi i\u00e7in dava a\u00e7\u0131lmas\u0131 m\u00fcmk\u00fcnd\u00fcr. \u00d6rne\u011fin velayeti alan ebeveynin \u00e7ocu\u011fa yeterli bak\u0131m sa\u011flamamas\u0131 veya ya\u015fam ko\u015fullar\u0131n\u0131n ciddi \u015fekilde de\u011fi\u015fmesi halinde velayet yeniden de\u011ferlendirilebilir.<\/p>\n\n\n\n<p>Velayet davalar\u0131 hem hukuki hem de psikolojik a\u00e7\u0131dan olduk\u00e7a hassas s\u00fcre\u00e7lerdir. Bu nedenle davan\u0131n do\u011fru y\u00f6netilmesi ve \u00e7ocu\u011fun menfaatlerinin korunmas\u0131 i\u00e7in alan\u0131nda deneyimli bir <strong>Afyon en iyi avukat<\/strong> ile \u00e7al\u0131\u015f\u0131lmas\u0131 b\u00fcy\u00fck \u00f6nem ta\u015f\u0131maktad\u0131r.<\/p>\n","protected":false},"excerpt":{"rendered":"<p>Bo\u015fanma davalar\u0131nda en hassas konulardan biri \u00e7ocuklar\u0131n velayetidir. T\u00fcrk Medeni Kanunu\u2019na g\u00f6re velayet konusunda temel kriter \u00e7ocu\u011fun \u00fcst\u00fcn yarar\u0131d\u0131r. Mahkeme,&#8230;<\/p>\n","protected":false},"author":1,"featured_media":0,"comment_status":"open","ping_status":"open","sticky":false,"template":"","format":"standard","meta":{"footnotes":""},"categories":[62],"tags":[48,58,60,61,45],"class_list":{"0":"post-3323","1":"post","2":"type-post","3":"status-publish","4":"format-standard","6":"category-aile-hukuku","7":"tag-afyonavukat","8":"tag-afyonbosanmaavukati","9":"tag-afyoncezaavukati","10":"tag-afyontazminatavukati","11":"tag-avukat"},"_links":{"self":[{"href":"https:\/\/www.tepekaya.av.tr\/index.php?rest_route=\/wp\/v2\/posts\/3323","targetHints":{"allow":["GET"]}}],"collection":[{"href":"https:\/\/www.tepekaya.av.tr\/index.php?rest_route=\/wp\/v2\/posts"}],"about":[{"href":"https:\/\/www.tepekaya.av.tr\/index.php?rest_route=\/wp\/v2\/types\/post"}],"author":[{"embeddable":true,"href":"https:\/\/www.tepekaya.av.tr\/index.php?rest_route=\/wp\/v2\/users\/1"}],"replies":[{"embeddable":true,"href":"https:\/\/www.tepekaya.av.tr\/index.php?rest_route=%2Fwp%2Fv2%2Fcomments&post=3323"}],"version-history":[{"count":1,"href":"https:\/\/www.tepekaya.av.tr\/index.php?rest_route=\/wp\/v2\/posts\/3323\/revisions"}],"predecessor-version":[{"id":3324,"href":"https:\/\/www.tepekaya.av.tr\/index.php?rest_route=\/wp\/v2\/posts\/3323\/revisions\/3324"}],"wp:attachment":[{"href":"https:\/\/www.tepekaya.av.tr\/index.php?rest_route=%2Fwp%2Fv2%2Fmedia&parent=3323"}],"wp:term":[{"taxonomy":"category","embeddable":true,"href":"https:\/\/www.tepekaya.av.tr\/index.php?rest_route=%2Fwp%2Fv2%2Fcategories&post=3323"},{"taxonomy":"post_tag","embeddable":true,"href":"https:\/\/www.tepekaya.av.tr\/index.php?rest_route=%2Fwp%2Fv2%2Ftags&post=3323"}],"curies":[{"name":"wp","href":"https:\/\/api.w.org\/{rel}","templated":true}]}}